{"id":2319,"date":"2026-09-01T13:27:24","date_gmt":"2026-09-01T16:27:24","guid":{"rendered":"https:\/\/sansebastiandecolina.cl\/?p=2319"},"modified":"2026-09-01T13:27:29","modified_gmt":"2026-09-01T16:27:29","slug":"olimpiadas-nacionales-de-matematicas-2026","status":"publish","type":"post","link":"https:\/\/sansebastiandecolina.cl\/index.php\/2026\/09\/01\/olimpiadas-nacionales-de-matematicas-2026\/","title":{"rendered":"OLIMPIADAS NACIONALES DE MATEM\u00c1TICAS | 2026"},"content":{"rendered":"\n<!--more-->\n\n\n\n<div class=\"wp-block-columns is-layout-flex wp-container-core-columns-is-layout-8f761849 wp-block-columns-is-layout-flex\">\n<div class=\"wp-block-column is-layout-flow wp-block-column-is-layout-flow\" style=\"flex-basis:100%\">\n<figure class=\"wp-block-pullquote has-black-color has-text-color has-link-color wp-elements-1\"><blockquote><p>El pasado s\u00e1bado 22 de agosto, un grupo de 18 estudiantes de ense\u00f1anza media participaron de las Olimpiadas Nacionales de Matem\u00e1ticas, organizadas por la Pontificia Universidad Cat\u00f3lica, en la sede del Campus San Joaqu\u00edn, donde asistieron 2700 estudiantes de diferentes colegios del pa\u00eds. Una experiencia de aprendizaje sin duda enriquecedora para cada uno de ellos.<\/p><\/blockquote><\/figure>\n\n\n<\/div>\n<\/div>\n","protected":false},"excerpt":{"rendered":"","protected":false},"author":2,"featured_media":2320,"comment_status":"closed","ping_status":"closed","sticky":false,"template":"","format":"standard","meta":{"footnotes":""},"categories":[1],"tags":[],"class_list":["post-2319","post","type-post","status-publish","format-standard","has-post-thumbnail","hentry","category-global"],"_links":{"self":[{"href":"https:\/\/sansebastiandecolina.cl\/index.php\/wp-json\/wp\/v2\/posts\/2319","targetHints":{"allow":["GET"]}}],"collection":[{"href":"https:\/\/sansebastiandecolina.cl\/index.php\/wp-json\/wp\/v2\/posts"}],"about":[{"href":"https:\/\/sansebastiandecolina.cl\/index.php\/wp-json\/wp\/v2\/types\/post"}],"author":[{"embeddable":true,"href":"https:\/\/sansebastiandecolina.cl\/index.php\/wp-json\/wp\/v2\/users\/2"}],"replies":[{"embeddable":true,"href":"https:\/\/sansebastiandecolina.cl\/index.php\/wp-json\/wp\/v2\/comments?post=2319"}],"version-history":[{"count":1,"href":"https:\/\/sansebastiandecolina.cl\/index.php\/wp-json\/wp\/v2\/posts\/2319\/revisions"}],"predecessor-version":[{"id":2321,"href":"https:\/\/sansebastiandecolina.cl\/index.php\/wp-json\/wp\/v2\/posts\/2319\/revisions\/2321"}],"wp:featuredmedia":[{"embeddable":true,"href":"https:\/\/sansebastiandecolina.cl\/index.php\/wp-json\/wp\/v2\/media\/2320"}],"wp:attachment":[{"href":"https:\/\/sansebastiandecolina.cl\/index.php\/wp-json\/wp\/v2\/media?parent=2319"}],"wp:term":[{"taxonomy":"category","embeddable":true,"href":"https:\/\/sansebastiandecolina.cl\/index.php\/wp-json\/wp\/v2\/categories?post=2319"},{"taxonomy":"post_tag","embeddable":true,"href":"https:\/\/sansebastiandecolina.cl\/index.php\/wp-json\/wp\/v2\/tags?post=2319"}],"curies":[{"name":"wp","href":"https:\/\/api.w.org\/{rel}","templated":true}]}}